{"id":1867,"date":"2022-07-10T08:02:35","date_gmt":"2022-07-10T06:02:35","guid":{"rendered":"https:\/\/msaigenschlaegl.at\/?post_type=news&#038;p=1867"},"modified":"2022-07-10T08:04:32","modified_gmt":"2022-07-10T06:04:32","slug":"sabbatical-und-pensionierungen","status":"publish","type":"news","link":"https:\/\/msaigenschlaegl.at\/?news=sabbatical-und-pensionierungen","title":{"rendered":"Sabbatical und Pensionierungen"},"content":{"rendered":"<div class=\"entry\">\n<p>Der Wechsel vom Schuljahr 21\/22 auf 22\/23 bringt einige Ver\u00e4nderungen mit sich. Neue Lehrer\/-innen kommen an die Schule, andere beenden ihre T\u00e4tigkeit in der MS Aigen Schl\u00e4gl.<\/p>\n<p>Allen voran geht Frau Direktorin Elfriede S\u00f6llner in ein Sabbatical und anschlie\u00dfend in den Ruhestand. Herr Horst Schmid und Herr Karl N\u00f6mair gehen ebenso in Pension wie auch K\u00f6chin Susanne Breuer.<\/p>\n<p>Wir bedanken uns bei allen f\u00fcr ihre geleistete Arbeit, w\u00fcnschen alles Gute und einen gelungenen Start in den neuen Lebensabschnitt.<\/p>\n<p><img loading=\"lazy\" decoding=\"async\" class=\"alignnone wp-image-1869\" src=\"https:\/\/msaigenschlaegl.at\/wp-content\/uploads\/2022\/07\/soel_p-300x268.jpg\" alt=\"\" width=\"224\" height=\"200\" srcset=\"https:\/\/msaigenschlaegl.at\/wp-content\/uploads\/2022\/07\/soel_p-300x268.jpg 300w, https:\/\/msaigenschlaegl.at\/wp-content\/uploads\/2022\/07\/soel_p.jpg 559w\" sizes=\"(max-width: 224px) 100vw, 224px\" \/><img loading=\"lazy\" decoding=\"async\" class=\"alignnone wp-image-1870\" src=\"https:\/\/msaigenschlaegl.at\/wp-content\/uploads\/2022\/07\/scho_p.jpg\" alt=\"\" width=\"303\" height=\"200\" srcset=\"https:\/\/msaigenschlaegl.at\/wp-content\/uploads\/2022\/07\/scho_p.jpg 757w, https:\/\/msaigenschlaegl.at\/wp-content\/uploads\/2022\/07\/scho_p-300x198.jpg 300w\" sizes=\"(max-width: 303px) 100vw, 303px\" \/><img loading=\"lazy\" decoding=\"async\" class=\"alignnone wp-image-1871\" src=\"https:\/\/msaigenschlaegl.at\/wp-content\/uploads\/2022\/07\/noka_p-252x300.jpg\" alt=\"\" width=\"168\" height=\"200\" srcset=\"https:\/\/msaigenschlaegl.at\/wp-content\/uploads\/2022\/07\/noka_p-252x300.jpg 252w, https:\/\/msaigenschlaegl.at\/wp-content\/uploads\/2022\/07\/noka_p.jpg 420w\" sizes=\"(max-width: 168px) 100vw, 168px\" \/><img loading=\"lazy\" decoding=\"async\" class=\"alignnone wp-image-1872\" src=\"https:\/\/msaigenschlaegl.at\/wp-content\/uploads\/2022\/07\/brsu-300x263.jpg\" alt=\"\" width=\"228\" height=\"200\" srcset=\"https:\/\/msaigenschlaegl.at\/wp-content\/uploads\/2022\/07\/brsu-300x263.jpg 300w, https:\/\/msaigenschlaegl.at\/wp-content\/uploads\/2022\/07\/brsu.jpg 571w\" sizes=\"(max-width: 228px) 100vw, 228px\" \/><\/p>\n<\/div>\n","protected":false},"excerpt":{"rendered":"<p>Der Wechsel vom Schuljahr 21\/22 auf 22\/23 bringt einige Ver\u00e4nderungen mit sich. Neue Lehrer\/-innen kommen an die Schule, andere beenden ihre T\u00e4tigkeit in der MS Aigen Schl\u00e4gl. Allen voran geht Frau Direktorin Elfriede S\u00f6llner in ein Sabbatical und anschlie\u00dfend in den Ruhestand. Herr Horst Schmid und Herr Karl N\u00f6mair gehen ebenso in Pension wie auch &#8230;<\/p>\n","protected":false},"author":1,"featured_media":1869,"comment_status":"closed","ping_status":"closed","template":"","tags":[],"news-category":[],"_links":{"self":[{"href":"https:\/\/msaigenschlaegl.at\/index.php?rest_route=\/wp\/v2\/news\/1867"}],"collection":[{"href":"https:\/\/msaigenschlaegl.at\/index.php?rest_route=\/wp\/v2\/news"}],"about":[{"href":"https:\/\/msaigenschlaegl.at\/index.php?rest_route=\/wp\/v2\/types\/news"}],"author":[{"embeddable":true,"href":"https:\/\/msaigenschlaegl.at\/index.php?rest_route=\/wp\/v2\/users\/1"}],"replies":[{"embeddable":true,"href":"https:\/\/msaigenschlaegl.at\/index.php?rest_route=%2Fwp%2Fv2%2Fcomments&post=1867"}],"version-history":[{"count":0,"href":"https:\/\/msaigenschlaegl.at\/index.php?rest_route=\/wp\/v2\/news\/1867\/revisions"}],"wp:featuredmedia":[{"embeddable":true,"href":"https:\/\/msaigenschlaegl.at\/index.php?rest_route=\/wp\/v2\/media\/1869"}],"wp:attachment":[{"href":"https:\/\/msaigenschlaegl.at\/index.php?rest_route=%2Fwp%2Fv2%2Fmedia&parent=1867"}],"wp:term":[{"taxonomy":"post_tag","embeddable":true,"href":"https:\/\/msaigenschlaegl.at\/index.php?rest_route=%2Fwp%2Fv2%2Ftags&post=1867"},{"taxonomy":"news-category","embeddable":true,"href":"https:\/\/msaigenschlaegl.at\/index.php?rest_route=%2Fwp%2Fv2%2Fnews-category&post=1867"}],"curies":[{"name":"wp","href":"https:\/\/api.w.org\/{rel}","templated":true}]}}